{"id":267,"date":"2025-08-04T10:32:26","date_gmt":"2025-08-04T08:32:26","guid":{"rendered":"http:\/\/www.karmelitanki-misjonarki.pl\/?p=267"},"modified":"2025-08-04T11:06:21","modified_gmt":"2025-08-04T09:06:21","slug":"swiatowe-dni-mlodziezy-w-rzymie","status":"publish","type":"post","link":"http:\/\/www.karmelitanki-misjonarki.pl\/index.php\/2025\/08\/04\/swiatowe-dni-mlodziezy-w-rzymie\/","title":{"rendered":"\u015awiatowe Dni M\u0142odzie\u017cy w Rzymie"},"content":{"rendered":"\t\t<div data-elementor-type=\"wp-post\" data-elementor-id=\"267\" class=\"elementor elementor-267\">\n\t\t\t\t<div class=\"elementor-element elementor-element-54eaa7a3 e-flex e-con-boxed e-con e-parent\" data-id=\"54eaa7a3\" data-element_type=\"container\">\n\t\t\t\t\t<div class=\"e-con-inner\">\n\t\t\t\t<div class=\"elementor-element elementor-element-1b085fb6 elementor-widget elementor-widget-text-editor\" data-id=\"1b085fb6\" data-element_type=\"widget\" data-widget_type=\"text-editor.default\">\n\t\t\t\t<div class=\"elementor-widget-container\">\n\t\t\t<style>\/*! elementor - v3.23.0 - 05-08-2024 *\/\n.elementor-widget-text-editor.elementor-drop-cap-view-stacked .elementor-drop-cap{background-color:#69727d;color:#fff}.elementor-widget-text-editor.elementor-drop-cap-view-framed .elementor-drop-cap{color:#69727d;border:3px solid;background-color:transparent}.elementor-widget-text-editor:not(.elementor-drop-cap-view-default) .elementor-drop-cap{margin-top:8px}.elementor-widget-text-editor:not(.elementor-drop-cap-view-default) .elementor-drop-cap-letter{width:1em;height:1em}.elementor-widget-text-editor .elementor-drop-cap{float:left;text-align:center;line-height:1;font-size:50px}.elementor-widget-text-editor .elementor-drop-cap-letter{display:inline-block}<\/style>\t\t\t\t<!-- wp:paragraph -->\n<p>Rzymska wsp\u00f3lnota karmelitanek misjonarek ugo\u015bci\u0142a w progach swojego domu grup\u0119 m\u0142odzie\u017cy z Argentyny.  Warto zobaczy\u0107 <a href=\"https:\/\/www.youtube.com\/watch?v=iTjQmu0wR5w\">www.youtube.com\/watch?v=iTjQmu0wR5w<\/a> Towarzyszymy m\u0142odym, by odwa\u017cnie byli sol\u0105 ziemi i \u015bwiat\u0142em \u015bwiata!<\/p>\n<!-- \/wp:paragraph -->\n\n<!-- wp:paragraph -->\n<p><\/p>\n<!-- \/wp:paragraph -->\t\t\t\t\t\t<\/div>\n\t\t\t\t<\/div>\n\t\t\t\t\t<\/div>\n\t\t\t\t<\/div>\n\t\t\t\t<\/div>\n\t\t","protected":false},"excerpt":{"rendered":"<p>Rzymska wsp\u00f3lnota karmelitanek misjonarek ugo\u015bci\u0142a w progach swojego domu grup\u0119 m\u0142odzie\u017cy z Argentyny. Warto zobaczy\u0107 www.youtube.com\/watch?v=iTjQmu0wR5w Towarzyszymy m\u0142odym, by odwa\u017cnie<\/p>\n","protected":false},"author":1,"featured_media":271,"comment_status":"closed","ping_status":"open","sticky":false,"template":"","format":"standard","meta":{"footnotes":""},"categories":[1],"tags":[],"class_list":["post-267","post","type-post","status-publish","format-standard","has-post-thumbnail","hentry","category-bez-kategorii","comments-off"],"_links":{"self":[{"href":"http:\/\/www.karmelitanki-misjonarki.pl\/index.php\/wp-json\/wp\/v2\/posts\/267","targetHints":{"allow":["GET"]}}],"collection":[{"href":"http:\/\/www.karmelitanki-misjonarki.pl\/index.php\/wp-json\/wp\/v2\/posts"}],"about":[{"href":"http:\/\/www.karmelitanki-misjonarki.pl\/index.php\/wp-json\/wp\/v2\/types\/post"}],"author":[{"embeddable":true,"href":"http:\/\/www.karmelitanki-misjonarki.pl\/index.php\/wp-json\/wp\/v2\/users\/1"}],"replies":[{"embeddable":true,"href":"http:\/\/www.karmelitanki-misjonarki.pl\/index.php\/wp-json\/wp\/v2\/comments?post=267"}],"version-history":[{"count":8,"href":"http:\/\/www.karmelitanki-misjonarki.pl\/index.php\/wp-json\/wp\/v2\/posts\/267\/revisions"}],"predecessor-version":[{"id":318,"href":"http:\/\/www.karmelitanki-misjonarki.pl\/index.php\/wp-json\/wp\/v2\/posts\/267\/revisions\/318"}],"wp:featuredmedia":[{"embeddable":true,"href":"http:\/\/www.karmelitanki-misjonarki.pl\/index.php\/wp-json\/wp\/v2\/media\/271"}],"wp:attachment":[{"href":"http:\/\/www.karmelitanki-misjonarki.pl\/index.php\/wp-json\/wp\/v2\/media?parent=267"}],"wp:term":[{"taxonomy":"category","embeddable":true,"href":"http:\/\/www.karmelitanki-misjonarki.pl\/index.php\/wp-json\/wp\/v2\/categories?post=267"},{"taxonomy":"post_tag","embeddable":true,"href":"http:\/\/www.karmelitanki-misjonarki.pl\/index.php\/wp-json\/wp\/v2\/tags?post=267"}],"curies":[{"name":"wp","href":"https:\/\/api.w.org\/{rel}","templated":true}]}}