{"id":265,"date":"2025-08-04T10:29:30","date_gmt":"2025-08-04T08:29:30","guid":{"rendered":"http:\/\/www.karmelitanki-misjonarki.pl\/?p=265"},"modified":"2025-08-04T11:14:47","modified_gmt":"2025-08-04T09:14:47","slug":"w-ogrodzie-domu-modlitwy-es-vedra","status":"publish","type":"post","link":"http:\/\/www.karmelitanki-misjonarki.pl\/index.php\/2025\/08\/04\/w-ogrodzie-domu-modlitwy-es-vedra\/","title":{"rendered":"W ogrodzie Domu Modlitwy Es Vedr\u00e1"},"content":{"rendered":"\t\t<div data-elementor-type=\"wp-post\" data-elementor-id=\"265\" class=\"elementor elementor-265\">\n\t\t\t\t<div class=\"elementor-element elementor-element-132693f1 e-flex e-con-boxed e-con e-parent\" data-id=\"132693f1\" data-element_type=\"container\">\n\t\t\t\t\t<div class=\"e-con-inner\">\n\t\t\t\t<div class=\"elementor-element elementor-element-36a55efd elementor-widget elementor-widget-text-editor\" data-id=\"36a55efd\" data-element_type=\"widget\" data-widget_type=\"text-editor.default\">\n\t\t\t\t<div class=\"elementor-widget-container\">\n\t\t\t\t\t\t\t<!-- wp:paragraph -->\n<p>Dom Modlitwy Es Vedr\u00e1 w Trzebini ko\u0142o \u017bywca go\u015bcinnie przyjmuje osoby indywidualne i grupy na dni skupienia i odpoczynek. W ostatnim czasie, dzi\u0119ki pracy wolontariuszy, uda\u0142o si\u0119 jeszcze bardziej upi\u0119kszy\u0107 ogr\u00f3d i teren wok\u00f3\u0142 domu. Zapraszamy do kontaktu i skorzystania z tak urokliwego miejsca! Telefon do wsp\u00f3lnoty 33-8611505<\/p>\n<!-- \/wp:paragraph -->\t\t\t\t\t\t<\/div>\n\t\t\t\t<\/div>\n\t\t\t\t\t<\/div>\n\t\t\t\t<\/div>\n\t\t<div class=\"elementor-element elementor-element-a076621 e-flex e-con-boxed e-con e-parent\" data-id=\"a076621\" data-element_type=\"container\">\n\t\t\t\t\t<div class=\"e-con-inner\">\n\t\t\t\t\t<\/div>\n\t\t\t\t<\/div>\n\t\t\t\t<\/div>\n\t\t","protected":false},"excerpt":{"rendered":"<p>Dom Modlitwy Es Vedr\u00e1 w Trzebini ko\u0142o \u017bywca go\u015bcinnie przyjmuje osoby indywidualne i grupy na dni skupienia i odpoczynek. W<\/p>\n","protected":false},"author":1,"featured_media":275,"comment_status":"closed","ping_status":"open","sticky":false,"template":"","format":"standard","meta":{"footnotes":""},"categories":[1],"tags":[],"class_list":["post-265","post","type-post","status-publish","format-standard","has-post-thumbnail","hentry","category-bez-kategorii","comments-off"],"_links":{"self":[{"href":"http:\/\/www.karmelitanki-misjonarki.pl\/index.php\/wp-json\/wp\/v2\/posts\/265","targetHints":{"allow":["GET"]}}],"collection":[{"href":"http:\/\/www.karmelitanki-misjonarki.pl\/index.php\/wp-json\/wp\/v2\/posts"}],"about":[{"href":"http:\/\/www.karmelitanki-misjonarki.pl\/index.php\/wp-json\/wp\/v2\/types\/post"}],"author":[{"embeddable":true,"href":"http:\/\/www.karmelitanki-misjonarki.pl\/index.php\/wp-json\/wp\/v2\/users\/1"}],"replies":[{"embeddable":true,"href":"http:\/\/www.karmelitanki-misjonarki.pl\/index.php\/wp-json\/wp\/v2\/comments?post=265"}],"version-history":[{"count":31,"href":"http:\/\/www.karmelitanki-misjonarki.pl\/index.php\/wp-json\/wp\/v2\/posts\/265\/revisions"}],"predecessor-version":[{"id":329,"href":"http:\/\/www.karmelitanki-misjonarki.pl\/index.php\/wp-json\/wp\/v2\/posts\/265\/revisions\/329"}],"wp:featuredmedia":[{"embeddable":true,"href":"http:\/\/www.karmelitanki-misjonarki.pl\/index.php\/wp-json\/wp\/v2\/media\/275"}],"wp:attachment":[{"href":"http:\/\/www.karmelitanki-misjonarki.pl\/index.php\/wp-json\/wp\/v2\/media?parent=265"}],"wp:term":[{"taxonomy":"category","embeddable":true,"href":"http:\/\/www.karmelitanki-misjonarki.pl\/index.php\/wp-json\/wp\/v2\/categories?post=265"},{"taxonomy":"post_tag","embeddable":true,"href":"http:\/\/www.karmelitanki-misjonarki.pl\/index.php\/wp-json\/wp\/v2\/tags?post=265"}],"curies":[{"name":"wp","href":"https:\/\/api.w.org\/{rel}","templated":true}]}}