{"id":263,"date":"2025-08-04T10:19:41","date_gmt":"2025-08-04T08:19:41","guid":{"rendered":"http:\/\/www.karmelitanki-misjonarki.pl\/?p=263"},"modified":"2025-08-04T11:13:10","modified_gmt":"2025-08-04T09:13:10","slug":"lipcowe-swietowanie-w-czernej","status":"publish","type":"post","link":"http:\/\/www.karmelitanki-misjonarki.pl\/index.php\/2025\/08\/04\/lipcowe-swietowanie-w-czernej\/","title":{"rendered":"Lipcowe \u015bwi\u0119towanie w Czernej"},"content":{"rendered":"\n<p>R\u00f3wnie\u017c w tym roku cz\u0142onkowie Karmelu Misyjnego \u015awieckiego wraz z krakowsk\u0105 wsp\u00f3lnot\u0105 karmelitanek misjonarek wzi\u0119li udzia\u0142 w 27. Og\u00f3lnopolskim Spotkaniu Rodziny Szkaplerznej, w tym w tradycyjnie ju\u017c organizowanym kiermaszu misyjnym. <\/p>\n","protected":false},"excerpt":{"rendered":"<p>R\u00f3wnie\u017c w tym roku cz\u0142onkowie Karmelu Misyjnego \u015awieckiego wraz z krakowsk\u0105 wsp\u00f3lnot\u0105 karmelitanek misjonarek wzi\u0119li udzia\u0142 w 27. Og\u00f3lnopolskim Spotkaniu<\/p>\n","protected":false},"author":1,"featured_media":0,"comment_status":"closed","ping_status":"open","sticky":false,"template":"","format":"standard","meta":{"footnotes":""},"categories":[1],"tags":[],"class_list":["post-263","post","type-post","status-publish","format-standard","hentry","category-bez-kategorii","comments-off"],"_links":{"self":[{"href":"http:\/\/www.karmelitanki-misjonarki.pl\/index.php\/wp-json\/wp\/v2\/posts\/263","targetHints":{"allow":["GET"]}}],"collection":[{"href":"http:\/\/www.karmelitanki-misjonarki.pl\/index.php\/wp-json\/wp\/v2\/posts"}],"about":[{"href":"http:\/\/www.karmelitanki-misjonarki.pl\/index.php\/wp-json\/wp\/v2\/types\/post"}],"author":[{"embeddable":true,"href":"http:\/\/www.karmelitanki-misjonarki.pl\/index.php\/wp-json\/wp\/v2\/users\/1"}],"replies":[{"embeddable":true,"href":"http:\/\/www.karmelitanki-misjonarki.pl\/index.php\/wp-json\/wp\/v2\/comments?post=263"}],"version-history":[{"count":1,"href":"http:\/\/www.karmelitanki-misjonarki.pl\/index.php\/wp-json\/wp\/v2\/posts\/263\/revisions"}],"predecessor-version":[{"id":264,"href":"http:\/\/www.karmelitanki-misjonarki.pl\/index.php\/wp-json\/wp\/v2\/posts\/263\/revisions\/264"}],"wp:attachment":[{"href":"http:\/\/www.karmelitanki-misjonarki.pl\/index.php\/wp-json\/wp\/v2\/media?parent=263"}],"wp:term":[{"taxonomy":"category","embeddable":true,"href":"http:\/\/www.karmelitanki-misjonarki.pl\/index.php\/wp-json\/wp\/v2\/categories?post=263"},{"taxonomy":"post_tag","embeddable":true,"href":"http:\/\/www.karmelitanki-misjonarki.pl\/index.php\/wp-json\/wp\/v2\/tags?post=263"}],"curies":[{"name":"wp","href":"https:\/\/api.w.org\/{rel}","templated":true}]}}