{"id":257,"date":"2025-08-04T09:50:24","date_gmt":"2025-08-04T07:50:24","guid":{"rendered":"http:\/\/www.karmelitanki-misjonarki.pl\/?p=257"},"modified":"2025-08-04T11:13:24","modified_gmt":"2025-08-04T09:13:24","slug":"z-misja-pod-zywcem","status":"publish","type":"post","link":"http:\/\/www.karmelitanki-misjonarki.pl\/index.php\/2025\/08\/04\/z-misja-pod-zywcem\/","title":{"rendered":"Z misj\u0105 pod \u017bywcem"},"content":{"rendered":"\t\t<div data-elementor-type=\"wp-post\" data-elementor-id=\"257\" class=\"elementor elementor-257\">\n\t\t\t\t<div class=\"elementor-element elementor-element-708052a5 e-flex e-con-boxed e-con e-parent\" data-id=\"708052a5\" data-element_type=\"container\">\n\t\t\t\t\t<div class=\"e-con-inner\">\n\t\t\t\t<div class=\"elementor-element elementor-element-2dded96c elementor-widget elementor-widget-text-editor\" data-id=\"2dded96c\" data-element_type=\"widget\" data-widget_type=\"text-editor.default\">\n\t\t\t\t<div class=\"elementor-widget-container\">\n\t\t\t\t\t\t\t<!-- wp:paragraph -->\n<p>Agnieszka Nowak, misjonarka \u015bwiecka, podzieli\u0142a si\u0119 swoj\u0105 codzienno\u015bci\u0105 w RCA z mieszka\u0144cami Trzebini pod \u017bywcem. Zach\u0119camy do wspierania modlitw\u0105 i pomoc\u0105 materialn\u0105 misji Agnieszki <a href=\"http:\/\/www.zastrzykdobra.pl\/patronat-misyjny?fbclid=IwZXh0bgNhZW0CMTAAYnJpZBExMWZUaGtLdFY1TzFxTWNkSAEe_-0FI0-rOj1UxAmqIjYkmx5htLNYeHRiwrUn4xA-DpP5OVmgTxTO1x7OZ6k_aem_T9YufN370PeVDGeWpECk9A\" target=\"_blank\" rel=\"noreferrer noopener\">www.zastrzykdobra.pl\/patronat-misyjny<\/a> Wszelkie przelewy wykonywane przez konto Patronatu Misyjnego KEP z dopiskiem Agnieszka Nowak w 100% trafiaj\u0105 do naszej misjonarki <a href=\"https:\/\/www.misje.pl\/pomoc-misjom-313\/patronat-misyjny-337\/zostan-patronem-misyjnym-366\">https:\/\/www.misje.pl\/pomoc-misjom-313\/patronat-misyjny-337\/zostan-patronem-misyjnym-366<\/a> Agnieszko, dzi\u0119kujemy za po\u015bwi\u0119cenie swojego \u017cycia, aby wyj\u015b\u0107 \u201epoza\u201d, uciele\u015bniaj\u0105c mi\u0142o\u015b\u0107 Chrystusa do wielu braci i si\u00f3str, kt\u00f3rych spotykasz (cf. Franciszek \u015aDM 202). Wspieram misje, a Ty?<\/p>\n<!-- \/wp:paragraph -->\n\n<!-- wp:paragraph -->\n<p><\/p>\n<!-- \/wp:paragraph -->\n\n<!-- wp:paragraph -->\n<p><\/p>\n<!-- \/wp:paragraph -->\t\t\t\t\t\t<\/div>\n\t\t\t\t<\/div>\n\t\t\t\t\t<\/div>\n\t\t\t\t<\/div>\n\t\t<div class=\"elementor-element elementor-element-53af4b9 e-flex e-con-boxed e-con e-parent\" data-id=\"53af4b9\" data-element_type=\"container\">\n\t\t\t\t\t<div class=\"e-con-inner\">\n\t\t\t\t<div class=\"elementor-element elementor-element-c7f3401 elementor-widget elementor-widget-image\" data-id=\"c7f3401\" data-element_type=\"widget\" data-widget_type=\"image.default\">\n\t\t\t\t<div class=\"elementor-widget-container\">\n\t\t\t<style>\/*! elementor - v3.23.0 - 05-08-2024 *\/\n.elementor-widget-image{text-align:center}.elementor-widget-image a{display:inline-block}.elementor-widget-image a img[src$=\".svg\"]{width:48px}.elementor-widget-image img{vertical-align:middle;display:inline-block}<\/style>\t\t\t\t\t\t\t\t\t\t<img fetchpriority=\"high\" decoding=\"async\" width=\"768\" height=\"1024\" src=\"http:\/\/www.karmelitanki-misjonarki.pl\/wp-content\/uploads\/2025\/08\/Aga-N.jpeg\" class=\"attachment-large size-large wp-image-309\" alt=\"\" \/>\t\t\t\t\t\t\t\t\t\t\t\t\t<\/div>\n\t\t\t\t<\/div>\n\t\t\t\t\t<\/div>\n\t\t\t\t<\/div>\n\t\t\t\t<\/div>\n\t\t","protected":false},"excerpt":{"rendered":"<p>Agnieszka Nowak, misjonarka \u015bwiecka, podzieli\u0142a si\u0119 swoj\u0105 codzienno\u015bci\u0105 w RCA z mieszka\u0144cami Trzebini pod \u017bywcem. Zach\u0119camy do wspierania modlitw\u0105 i<\/p>\n","protected":false},"author":1,"featured_media":0,"comment_status":"closed","ping_status":"open","sticky":false,"template":"","format":"standard","meta":{"footnotes":""},"categories":[1],"tags":[],"class_list":["post-257","post","type-post","status-publish","format-standard","hentry","category-bez-kategorii","comments-off"],"_links":{"self":[{"href":"http:\/\/www.karmelitanki-misjonarki.pl\/index.php\/wp-json\/wp\/v2\/posts\/257","targetHints":{"allow":["GET"]}}],"collection":[{"href":"http:\/\/www.karmelitanki-misjonarki.pl\/index.php\/wp-json\/wp\/v2\/posts"}],"about":[{"href":"http:\/\/www.karmelitanki-misjonarki.pl\/index.php\/wp-json\/wp\/v2\/types\/post"}],"author":[{"embeddable":true,"href":"http:\/\/www.karmelitanki-misjonarki.pl\/index.php\/wp-json\/wp\/v2\/users\/1"}],"replies":[{"embeddable":true,"href":"http:\/\/www.karmelitanki-misjonarki.pl\/index.php\/wp-json\/wp\/v2\/comments?post=257"}],"version-history":[{"count":5,"href":"http:\/\/www.karmelitanki-misjonarki.pl\/index.php\/wp-json\/wp\/v2\/posts\/257\/revisions"}],"predecessor-version":[{"id":312,"href":"http:\/\/www.karmelitanki-misjonarki.pl\/index.php\/wp-json\/wp\/v2\/posts\/257\/revisions\/312"}],"wp:attachment":[{"href":"http:\/\/www.karmelitanki-misjonarki.pl\/index.php\/wp-json\/wp\/v2\/media?parent=257"}],"wp:term":[{"taxonomy":"category","embeddable":true,"href":"http:\/\/www.karmelitanki-misjonarki.pl\/index.php\/wp-json\/wp\/v2\/categories?post=257"},{"taxonomy":"post_tag","embeddable":true,"href":"http:\/\/www.karmelitanki-misjonarki.pl\/index.php\/wp-json\/wp\/v2\/tags?post=257"}],"curies":[{"name":"wp","href":"https:\/\/api.w.org\/{rel}","templated":true}]}}