{"id":204,"date":"2024-09-15T17:46:18","date_gmt":"2024-09-15T15:46:18","guid":{"rendered":"http:\/\/www.karmelitanki-misjonarki.pl\/?p=204"},"modified":"2025-08-04T11:13:30","modified_gmt":"2025-08-04T09:13:30","slug":"dom-modlitwy-vedra-w-trzebini","status":"publish","type":"post","link":"http:\/\/www.karmelitanki-misjonarki.pl\/index.php\/2024\/09\/15\/dom-modlitwy-vedra-w-trzebini\/","title":{"rendered":"Dom modlitwy &#8222;Vedr\u00e1&#8221; w Trzebini"},"content":{"rendered":"\n<p>Dom modlitwy \u201eVedr\u00e1\u201d, prowadzony przez Karmelitanki Misjonarki, znajduje si\u0119 w Trzebini- pi\u0119knej wiosce otoczonej g\u00f3rami i pag\u00f3rkami w wojew\u00f3dztwie \u015bl\u0105skim. Rozleg\u0142e przestrzenie i g\u00f3rskie widoki zach\u0119caj\u0105 do zadumy nad pi\u0119knem stworzenia i wielko\u015bci\u0105 Stw\u00f3rcy. Miejsce przystosowane do ciszy i samotno\u015bci; spotkania z Bogiem z samym sob\u0105 oraz z drugim cz\u0142owiekiem. To tak\u017ce miejsce odpowiednie na prze\u017cycie rekolekcji, dni skupienia oraz spotka\u0144 integracyjnych i formacyjnych r\u00f3\u017cnych grup parafialnych.<\/p>\n\n\n\n<figure class=\"wp-block-gallery has-nested-images columns-default is-cropped wp-block-gallery-1 is-layout-flex wp-block-gallery-is-layout-flex\">\n<figure class=\"wp-block-image size-full\"><img fetchpriority=\"high\" decoding=\"async\" width=\"4160\" height=\"2340\" data-id=\"209\" src=\"http:\/\/www.karmelitanki-misjonarki.pl\/wp-content\/uploads\/2024\/09\/60.jpg\" alt=\"\" class=\"wp-image-209\"\/><\/figure>\n\n\n\n<figure class=\"wp-block-image size-full\"><img decoding=\"async\" width=\"4160\" height=\"2340\" data-id=\"211\" src=\"http:\/\/www.karmelitanki-misjonarki.pl\/wp-content\/uploads\/2024\/09\/T8-60.jpg\" alt=\"\" class=\"wp-image-211\"\/><\/figure>\n\n\n\n<figure class=\"wp-block-image size-full\"><img decoding=\"async\" width=\"4160\" height=\"2340\" data-id=\"210\" src=\"http:\/\/www.karmelitanki-misjonarki.pl\/wp-content\/uploads\/2024\/09\/T10-60.jpg\" alt=\"\" class=\"wp-image-210\"\/><\/figure>\n\n\n\n<figure class=\"wp-block-image size-full\"><img loading=\"lazy\" decoding=\"async\" width=\"1024\" height=\"390\" data-id=\"213\" src=\"http:\/\/www.karmelitanki-misjonarki.pl\/wp-content\/uploads\/2024\/09\/modlitwa-cm-1-3.jpg\" alt=\"\" class=\"wp-image-213\"\/><\/figure>\n<\/figure>\n\n\n\n<p><strong>Dom modlitwy \u201eVedra\u201d oferuje:<\/strong><\/p>\n\n\n\n<ul class=\"wp-block-list\">\n<li>Ogr\u00f3d z kapliczk\u0105 \u015bw. J\u00f3zefa i grot\u0105 Matki Bo\u017cej<\/li>\n\n\n\n<li>2 pokoje 3-osobowe,<\/li>\n\n\n\n<li>5 pokoi dwuosobowych<\/li>\n\n\n\n<li>3 pokoje jednoosobowe<\/li>\n\n\n\n<li>kaplic\u0119 z zakrysti\u0105<\/li>\n\n\n\n<li>2 sale: mniejsz\u0105 i du\u017c\u0105 wielozadaniow\u0105<\/li>\n\n\n\n<li>kuchni\u0119 do indywidualnego u\u017cytku grup<\/li>\n<\/ul>\n\n\n\n<p><strong>Zach\u0119camy do kontaktu<\/strong>:<\/p>\n\n\n\n<p>Trzebinia, ul. Beskidzka 53<br>34-300 \u017bywiec<br>Tel: (+48) 33&nbsp;861 15<br>Email- karmist@karmel.pl<\/p>\n\n\n\n<p><\/p>\n","protected":false},"excerpt":{"rendered":"<p>Dom modlitwy \u201eVedr\u00e1\u201d, prowadzony przez Karmelitanki Misjonarki, znajduje si\u0119 w Trzebini- pi\u0119knej wiosce otoczonej g\u00f3rami i pag\u00f3rkami w wojew\u00f3dztwie \u015bl\u0105skim.<\/p>\n","protected":false},"author":1,"featured_media":0,"comment_status":"closed","ping_status":"open","sticky":false,"template":"","format":"standard","meta":{"footnotes":""},"categories":[1],"tags":[],"class_list":["post-204","post","type-post","status-publish","format-standard","hentry","category-bez-kategorii","comments-off"],"_links":{"self":[{"href":"http:\/\/www.karmelitanki-misjonarki.pl\/index.php\/wp-json\/wp\/v2\/posts\/204","targetHints":{"allow":["GET"]}}],"collection":[{"href":"http:\/\/www.karmelitanki-misjonarki.pl\/index.php\/wp-json\/wp\/v2\/posts"}],"about":[{"href":"http:\/\/www.karmelitanki-misjonarki.pl\/index.php\/wp-json\/wp\/v2\/types\/post"}],"author":[{"embeddable":true,"href":"http:\/\/www.karmelitanki-misjonarki.pl\/index.php\/wp-json\/wp\/v2\/users\/1"}],"replies":[{"embeddable":true,"href":"http:\/\/www.karmelitanki-misjonarki.pl\/index.php\/wp-json\/wp\/v2\/comments?post=204"}],"version-history":[{"count":3,"href":"http:\/\/www.karmelitanki-misjonarki.pl\/index.php\/wp-json\/wp\/v2\/posts\/204\/revisions"}],"predecessor-version":[{"id":214,"href":"http:\/\/www.karmelitanki-misjonarki.pl\/index.php\/wp-json\/wp\/v2\/posts\/204\/revisions\/214"}],"wp:attachment":[{"href":"http:\/\/www.karmelitanki-misjonarki.pl\/index.php\/wp-json\/wp\/v2\/media?parent=204"}],"wp:term":[{"taxonomy":"category","embeddable":true,"href":"http:\/\/www.karmelitanki-misjonarki.pl\/index.php\/wp-json\/wp\/v2\/categories?post=204"},{"taxonomy":"post_tag","embeddable":true,"href":"http:\/\/www.karmelitanki-misjonarki.pl\/index.php\/wp-json\/wp\/v2\/tags?post=204"}],"curies":[{"name":"wp","href":"https:\/\/api.w.org\/{rel}","templated":true}]}}